{"id":10214,"date":"2021-12-03T12:04:37","date_gmt":"2021-12-03T12:04:37","guid":{"rendered":"https:\/\/t-d-i.es\/nova-cita-a-enomaq\/"},"modified":"2021-12-03T12:04:37","modified_gmt":"2021-12-03T12:04:37","slug":"nova-cita-a-enomaq","status":"publish","type":"post","link":"https:\/\/t-d-i.es\/ca\/nova-cita-a-enomaq\/","title":{"rendered":"Nova cita a ENOMAQ"},"content":{"rendered":"\t\t<div data-elementor-type=\"wp-post\" data-elementor-id=\"10214\" class=\"elementor elementor-10214 elementor-5651\">\n\t\t\t\t\t\t<section class=\"elementor-section elementor-top-section elementor-element elementor-element-523fe229 elementor-section-boxed elementor-section-height-default elementor-section-height-default\" data-id=\"523fe229\" data-element_type=\"section\" data-e-type=\"section\" data-settings=\"{&quot;jet_parallax_layout_list&quot;:[{&quot;jet_parallax_layout_image&quot;:{&quot;url&quot;:&quot;&quot;,&quot;id&quot;:&quot;&quot;,&quot;size&quot;:&quot;&quot;},&quot;_id&quot;:&quot;624b1e0&quot;,&quot;jet_parallax_layout_image_tablet&quot;:{&quot;url&quot;:&quot;&quot;,&quot;id&quot;:&quot;&quot;,&quot;size&quot;:&quot;&quot;},&quot;jet_parallax_layout_image_mobile&quot;:{&quot;url&quot;:&quot;&quot;,&quot;id&quot;:&quot;&quot;,&quot;size&quot;:&quot;&quot;},&quot;jet_parallax_layout_speed&quot;:{&quot;unit&quot;:&quot;%&quot;,&quot;size&quot;:50,&quot;sizes&quot;:[]},&quot;jet_parallax_layout_type&quot;:&quot;scroll&quot;,&quot;jet_parallax_layout_direction&quot;:&quot;1&quot;,&quot;jet_parallax_layout_fx_direction&quot;:null,&quot;jet_parallax_layout_z_index&quot;:&quot;&quot;,&quot;jet_parallax_layout_bg_x&quot;:50,&quot;jet_parallax_layout_bg_x_tablet&quot;:&quot;&quot;,&quot;jet_parallax_layout_bg_x_mobile&quot;:&quot;&quot;,&quot;jet_parallax_layout_bg_y&quot;:50,&quot;jet_parallax_layout_bg_y_tablet&quot;:&quot;&quot;,&quot;jet_parallax_layout_bg_y_mobile&quot;:&quot;&quot;,&quot;jet_parallax_layout_bg_size&quot;:&quot;auto&quot;,&quot;jet_parallax_layout_bg_size_tablet&quot;:&quot;&quot;,&quot;jet_parallax_layout_bg_size_mobile&quot;:&quot;&quot;,&quot;jet_parallax_layout_animation_prop&quot;:&quot;transform&quot;,&quot;jet_parallax_layout_on&quot;:[&quot;desktop&quot;,&quot;tablet&quot;]}]}\">\n\t\t\t\t\t\t<div class=\"elementor-container elementor-column-gap-default\">\n\t\t\t\t\t<div class=\"elementor-column elementor-col-100 elementor-top-column elementor-element elementor-element-130a5601\" data-id=\"130a5601\" data-element_type=\"column\" data-e-type=\"column\">\n\t\t\t<div class=\"elementor-widget-wrap elementor-element-populated\">\n\t\t\t\t\t\t<div class=\"elementor-element elementor-element-59805ff elementor-widget elementor-widget-heading\" data-id=\"59805ff\" data-element_type=\"widget\" data-e-type=\"widget\" data-widget_type=\"heading.default\">\n\t\t\t\t\t<h3 class=\"elementor-heading-title elementor-size-default\">Nova cita a ENOMAQ<\/h3>\t\t\t\t<\/div>\n\t\t\t\t<div class=\"elementor-element elementor-element-419ef3b7 elementor-widget elementor-widget-text-editor\" data-id=\"419ef3b7\" data-element_type=\"widget\" data-e-type=\"widget\" data-widget_type=\"text-editor.default\">\n\t\t\t\t\t\t\t\t\t<p><img fetchpriority=\"high\" decoding=\"async\" class=\"alignleft wp-image-5655\" style=\"padding: 0 10px 10px 0;\" src=\"http:\/\/t-d-i.es\/wp-content\/uploads\/2021\/11\/web-enomaq-2017-300x148-2.png\" alt=\"ENOMAQ 2017\" width=\"390\" height=\"192\"><\/p>\n<p>Al 2017, <strong>tot just un any despr\u00e9s de la celebraci\u00f3 del seu 30 aniversari, Tecnolog\u00eda Difusi\u00f3n Ib\u00e9rica, TDI,<\/strong> torna a exposar els seus productes en ENOMAQ, el certamen de refer\u00e8ncia en el sector.<\/p>\n<p><strong>TDI \u00e9s especialista en analitzadors enol\u00f2gics des de 1986.<\/strong><\/p>\n<p>Fira de Saragossa es converteix en l\u2019aparador de refer\u00e8ncia internacional del sector agroalimentari amb la celebraci\u00f3 conjunta d\u2019ENOMAQ-TECNOVID- OLEOMAQ-OLEOTEC i FRUYVER, <strong>del 14 al 17 de febrer de 2017.<\/strong> La maquin\u00e0ria m\u00e9s puntera de la ind\u00fastria del vi s\u2019exhibeix en aquest sal\u00f3, de talla i refer\u00e8ncia internacional, en el qual els professionals tenen una oportunitat immillorable per descobrir i con\u00e8ixer in situ els principals equips, projectes d\u2019investigaci\u00f3 i propostes t\u00e8cniques.<\/p>\n<p>En el seu estand de 120 metres quadrats, l\u2019empresa <strong>TDI<\/strong>mostra tota la seva gamma d\u2019analitzadors enol\u00f2gics, desenvolupats sempre amb tecnologia pr\u00f2pia.<\/p>\n<p><img decoding=\"async\" class=\"alignnone size-full wp-image-5654\" style=\"padding: 15px 0px 0px 0px;\" src=\"http:\/\/t-d-i.es\/wp-content\/uploads\/2021\/11\/stand-enomaq-2017-1.jpg\" alt=\"Estand de TDI a ENOMAQ 2017\" width=\"1920\" height=\"1201\"><\/p>\n<p><strong><img decoding=\"async\" class=\"alignleft wp-image-5652\" style=\"padding: 0px 10px 0px 0px;\" src=\"http:\/\/t-d-i.es\/wp-content\/uploads\/2021\/11\/enomaq-2017-plano.jpg\" alt=\"Ubicaci\u00f3 de l'estand de TDI a ENOMAQ 2017\" width=\"613\" height=\"600\">El nostre estand est\u00e0 situat, com en cada edici\u00f3, al pabell\u00f3 4, carrer C-D, estand 19-22.<\/strong><\/p>\n\t\t\t\t\t\t\t\t<\/div>\n\t\t\t\t\t<\/div>\n\t\t<\/div>\n\t\t\t\t\t<\/div>\n\t\t<\/section>\n\t\t\t\t<\/div>\n\t\t","protected":false},"excerpt":{"rendered":"<p>Nova cita a ENOMAQ Al 2017, tot just un any despr\u00e9s de la celebraci\u00f3 del seu 30 aniversari, Tecnolog\u00eda Difusi\u00f3n Ib\u00e9rica, TDI, torna a exposar els seus productes en ENOMAQ, el certamen de refer\u00e8ncia en el sector. TDI \u00e9s especialista en analitzadors enol\u00f2gics des de 1986. Fira de Saragossa es converteix en l\u2019aparador de refer\u00e8ncia [&hellip;]<\/p>\n","protected":false},"author":433,"featured_media":8848,"comment_status":"closed","ping_status":"closed","sticky":false,"template":"","format":"standard","meta":{"_acf_changed":false,"footnotes":""},"categories":[22],"tags":[36,39],"class_list":["post-10214","post","type-post","status-publish","format-standard","has-post-thumbnail","hentry","category-noticias-2017","tag-enomaq","tag-ferias"],"acf":[],"_links":{"self":[{"href":"https:\/\/t-d-i.es\/ca\/wp-json\/wp\/v2\/posts\/10214","targetHints":{"allow":["GET"]}}],"collection":[{"href":"https:\/\/t-d-i.es\/ca\/wp-json\/wp\/v2\/posts"}],"about":[{"href":"https:\/\/t-d-i.es\/ca\/wp-json\/wp\/v2\/types\/post"}],"author":[{"embeddable":true,"href":"https:\/\/t-d-i.es\/ca\/wp-json\/wp\/v2\/users\/433"}],"replies":[{"embeddable":true,"href":"https:\/\/t-d-i.es\/ca\/wp-json\/wp\/v2\/comments?post=10214"}],"version-history":[{"count":1,"href":"https:\/\/t-d-i.es\/ca\/wp-json\/wp\/v2\/posts\/10214\/revisions"}],"predecessor-version":[{"id":10215,"href":"https:\/\/t-d-i.es\/ca\/wp-json\/wp\/v2\/posts\/10214\/revisions\/10215"}],"wp:featuredmedia":[{"embeddable":true,"href":"https:\/\/t-d-i.es\/ca\/wp-json\/wp\/v2\/media\/8848"}],"wp:attachment":[{"href":"https:\/\/t-d-i.es\/ca\/wp-json\/wp\/v2\/media?parent=10214"}],"wp:term":[{"taxonomy":"category","embeddable":true,"href":"https:\/\/t-d-i.es\/ca\/wp-json\/wp\/v2\/categories?post=10214"},{"taxonomy":"post_tag","embeddable":true,"href":"https:\/\/t-d-i.es\/ca\/wp-json\/wp\/v2\/tags?post=10214"}],"curies":[{"name":"wp","href":"https:\/\/api.w.org\/{rel}","templated":true}]}}