{"id":13099,"date":"2024-03-20T16:06:53","date_gmt":"2024-03-20T16:06:53","guid":{"rendered":"https:\/\/t-d-i.es\/sieb-2024\/"},"modified":"2024-03-21T09:02:45","modified_gmt":"2024-03-21T09:02:45","slug":"sieb-2024","status":"publish","type":"post","link":"https:\/\/t-d-i.es\/ca\/sieb-2024\/","title":{"rendered":"SIEB 2024"},"content":{"rendered":"\t\t<div data-elementor-type=\"wp-post\" data-elementor-id=\"13099\" class=\"elementor elementor-13099 elementor-13065\">\n\t\t\t\t\t\t<section class=\"elementor-section elementor-top-section elementor-element elementor-element-1834df10 elementor-section-boxed elementor-section-height-default elementor-section-height-default\" data-id=\"1834df10\" data-element_type=\"section\" data-e-type=\"section\" data-settings=\"{&quot;jet_parallax_layout_list&quot;:[{&quot;jet_parallax_layout_image&quot;:{&quot;url&quot;:&quot;&quot;,&quot;id&quot;:&quot;&quot;,&quot;size&quot;:&quot;&quot;},&quot;_id&quot;:&quot;fb796c9&quot;,&quot;jet_parallax_layout_image_tablet&quot;:{&quot;url&quot;:&quot;&quot;,&quot;id&quot;:&quot;&quot;,&quot;size&quot;:&quot;&quot;},&quot;jet_parallax_layout_image_mobile&quot;:{&quot;url&quot;:&quot;&quot;,&quot;id&quot;:&quot;&quot;,&quot;size&quot;:&quot;&quot;},&quot;jet_parallax_layout_speed&quot;:{&quot;unit&quot;:&quot;%&quot;,&quot;size&quot;:50,&quot;sizes&quot;:[]},&quot;jet_parallax_layout_type&quot;:&quot;scroll&quot;,&quot;jet_parallax_layout_direction&quot;:&quot;1&quot;,&quot;jet_parallax_layout_fx_direction&quot;:null,&quot;jet_parallax_layout_z_index&quot;:&quot;&quot;,&quot;jet_parallax_layout_bg_x&quot;:50,&quot;jet_parallax_layout_bg_x_tablet&quot;:&quot;&quot;,&quot;jet_parallax_layout_bg_x_mobile&quot;:&quot;&quot;,&quot;jet_parallax_layout_bg_y&quot;:50,&quot;jet_parallax_layout_bg_y_tablet&quot;:&quot;&quot;,&quot;jet_parallax_layout_bg_y_mobile&quot;:&quot;&quot;,&quot;jet_parallax_layout_bg_size&quot;:&quot;auto&quot;,&quot;jet_parallax_layout_bg_size_tablet&quot;:&quot;&quot;,&quot;jet_parallax_layout_bg_size_mobile&quot;:&quot;&quot;,&quot;jet_parallax_layout_animation_prop&quot;:&quot;transform&quot;,&quot;jet_parallax_layout_on&quot;:[&quot;desktop&quot;,&quot;tablet&quot;]}]}\">\n\t\t\t\t\t\t<div class=\"elementor-container elementor-column-gap-default\">\n\t\t\t\t\t<div class=\"elementor-column elementor-col-100 elementor-top-column elementor-element elementor-element-44c8e20d\" data-id=\"44c8e20d\" data-element_type=\"column\" data-e-type=\"column\">\n\t\t\t<div class=\"elementor-widget-wrap elementor-element-populated\">\n\t\t\t\t\t\t<div class=\"elementor-element elementor-element-330e8fd9 elementor-widget elementor-widget-heading\" data-id=\"330e8fd9\" data-element_type=\"widget\" data-e-type=\"widget\" data-widget_type=\"heading.default\">\n\t\t\t\t\t<h3 class=\"elementor-heading-title elementor-size-default\">Nova edici\u00f3 del SIEB 2024<\/h3>\t\t\t\t<\/div>\n\t\t\t\t<div class=\"elementor-element elementor-element-2ccc15b3 elementor-widget elementor-widget-text-editor\" data-id=\"2ccc15b3\" data-element_type=\"widget\" data-e-type=\"widget\" data-widget_type=\"text-editor.default\">\n\t\t\t\t\t\t\t\t\t<p><img fetchpriority=\"high\" decoding=\"async\" class=\"alignleft wp-image-5799\" style=\"padding: 0px 10px 10px 0;\" src=\"http:\/\/t-d-i.es\/wp-content\/uploads\/2024\/03\/sieb-2024-oficial-1.webp\" alt=\"Estand de TDI a SIEB 2024\" width=\"523\" height=\"614\"><\/p>\n<div style=\"padding-top: 0.5em;\">La setmana del 5 al 7 de Mar\u00e7, TDI va estar present a l&#8217;edici\u00f3 del SIEB 2024 (Sal\u00f3n Ib\u00e9rico de Equipamiento para Bodega), la plataforma comercial m\u00e9s rellevant per l&#8217;oest de la pen\u00ednsula ib\u00e8rica, que es va desenvolupar a Valladolid.<\/p>\n<div style=\"padding-top: 0.5em;\">A l&#8217;estand 304 es va poder xerrar de les m\u00e9s recents novetats en mat\u00e8ria de tecnologia anal\u00edtica de rutina per als cellers i laboratoris de vins.<\/p>\n<div style=\"padding-top: 0.5em;\">Junts, sempre podem trobar la soluci\u00f3 que millor s&#8217;adapti a les vostres necessitats anal\u00edtiques.<\/p>\n<div style=\"padding-top: 0.5em;\">M\u00e9s informaci\u00f3 a: <a href=\"https:\/\/feriavalladolid.com\/sieb\/\" target=\"_blank\" rel=\"noopener\">feriavalladolid.com\/sieb\/<\/a><br \/><img decoding=\"async\" class=\"alignleft size-full wp-image-5836\" style=\"padding: 10px 0px 20px 0px;\" src=\"http:\/\/t-d-i.es\/wp-content\/uploads\/2024\/03\/sieb-2024-stand2.webp\" alt=\"Vista lateral de l'estand de TDI a SIEB 2024\" width=\"1076\" height=\"715\"><\/div>\n<\/div>\n<\/div>\n<\/div>\n\t\t\t\t\t\t\t\t<\/div>\n\t\t\t\t\t<\/div>\n\t\t<\/div>\n\t\t\t\t\t<\/div>\n\t\t<\/section>\n\t\t\t\t<\/div>\n\t\t","protected":false},"excerpt":{"rendered":"<p>Nova edici\u00f3 del SIEB 2024 La setmana del 5 al 7 de Mar\u00e7, TDI va estar present a l&#8217;edici\u00f3 del SIEB 2024 (Sal\u00f3n Ib\u00e9rico de Equipamiento para Bodega), la plataforma comercial m\u00e9s rellevant per l&#8217;oest de la pen\u00ednsula ib\u00e8rica, que es va desenvolupar a Valladolid. A l&#8217;estand 304 es va poder xerrar de les m\u00e9s [&hellip;]<\/p>\n","protected":false},"author":1,"featured_media":13068,"comment_status":"closed","ping_status":"closed","sticky":false,"template":"","format":"standard","meta":{"_acf_changed":false,"footnotes":""},"categories":[218],"tags":[173,219],"class_list":["post-13099","post","type-post","status-publish","format-standard","has-post-thumbnail","hentry","category-noticies-2024","tag-fires","tag-sieb-ca"],"acf":[],"_links":{"self":[{"href":"https:\/\/t-d-i.es\/ca\/wp-json\/wp\/v2\/posts\/13099","targetHints":{"allow":["GET"]}}],"collection":[{"href":"https:\/\/t-d-i.es\/ca\/wp-json\/wp\/v2\/posts"}],"about":[{"href":"https:\/\/t-d-i.es\/ca\/wp-json\/wp\/v2\/types\/post"}],"author":[{"embeddable":true,"href":"https:\/\/t-d-i.es\/ca\/wp-json\/wp\/v2\/users\/1"}],"replies":[{"embeddable":true,"href":"https:\/\/t-d-i.es\/ca\/wp-json\/wp\/v2\/comments?post=13099"}],"version-history":[{"count":2,"href":"https:\/\/t-d-i.es\/ca\/wp-json\/wp\/v2\/posts\/13099\/revisions"}],"predecessor-version":[{"id":13241,"href":"https:\/\/t-d-i.es\/ca\/wp-json\/wp\/v2\/posts\/13099\/revisions\/13241"}],"wp:featuredmedia":[{"embeddable":true,"href":"https:\/\/t-d-i.es\/ca\/wp-json\/wp\/v2\/media\/13068"}],"wp:attachment":[{"href":"https:\/\/t-d-i.es\/ca\/wp-json\/wp\/v2\/media?parent=13099"}],"wp:term":[{"taxonomy":"category","embeddable":true,"href":"https:\/\/t-d-i.es\/ca\/wp-json\/wp\/v2\/categories?post=13099"},{"taxonomy":"post_tag","embeddable":true,"href":"https:\/\/t-d-i.es\/ca\/wp-json\/wp\/v2\/tags?post=13099"}],"curies":[{"name":"wp","href":"https:\/\/api.w.org\/{rel}","templated":true}]}}