{"id":13819,"date":"2025-02-27T15:25:54","date_gmt":"2025-02-27T15:25:54","guid":{"rendered":"https:\/\/t-d-i.es\/enomaq-2025\/"},"modified":"2025-03-04T12:47:18","modified_gmt":"2025-03-04T12:47:18","slug":"enomaq-2025","status":"publish","type":"post","link":"https:\/\/t-d-i.es\/ca\/enomaq-2025\/","title":{"rendered":"ENOMAQ 2025"},"content":{"rendered":"\t\t<div data-elementor-type=\"wp-post\" data-elementor-id=\"13819\" class=\"elementor elementor-13819 elementor-13787\">\n\t\t\t\t\t\t<section class=\"elementor-section elementor-top-section elementor-element elementor-element-38e634db elementor-section-boxed elementor-section-height-default elementor-section-height-default\" data-id=\"38e634db\" data-element_type=\"section\" data-e-type=\"section\" data-settings=\"{&quot;jet_parallax_layout_list&quot;:[{&quot;jet_parallax_layout_image&quot;:{&quot;url&quot;:&quot;&quot;,&quot;id&quot;:&quot;&quot;,&quot;size&quot;:&quot;&quot;},&quot;_id&quot;:&quot;ef7004f&quot;,&quot;jet_parallax_layout_image_tablet&quot;:{&quot;url&quot;:&quot;&quot;,&quot;id&quot;:&quot;&quot;,&quot;size&quot;:&quot;&quot;},&quot;jet_parallax_layout_image_mobile&quot;:{&quot;url&quot;:&quot;&quot;,&quot;id&quot;:&quot;&quot;,&quot;size&quot;:&quot;&quot;},&quot;jet_parallax_layout_speed&quot;:{&quot;unit&quot;:&quot;%&quot;,&quot;size&quot;:50,&quot;sizes&quot;:[]},&quot;jet_parallax_layout_type&quot;:&quot;scroll&quot;,&quot;jet_parallax_layout_direction&quot;:&quot;1&quot;,&quot;jet_parallax_layout_fx_direction&quot;:null,&quot;jet_parallax_layout_z_index&quot;:&quot;&quot;,&quot;jet_parallax_layout_bg_x&quot;:50,&quot;jet_parallax_layout_bg_x_tablet&quot;:&quot;&quot;,&quot;jet_parallax_layout_bg_x_mobile&quot;:&quot;&quot;,&quot;jet_parallax_layout_bg_y&quot;:50,&quot;jet_parallax_layout_bg_y_tablet&quot;:&quot;&quot;,&quot;jet_parallax_layout_bg_y_mobile&quot;:&quot;&quot;,&quot;jet_parallax_layout_bg_size&quot;:&quot;auto&quot;,&quot;jet_parallax_layout_bg_size_tablet&quot;:&quot;&quot;,&quot;jet_parallax_layout_bg_size_mobile&quot;:&quot;&quot;,&quot;jet_parallax_layout_animation_prop&quot;:&quot;transform&quot;,&quot;jet_parallax_layout_on&quot;:[&quot;desktop&quot;,&quot;tablet&quot;]}]}\">\n\t\t\t\t\t\t<div class=\"elementor-container elementor-column-gap-default\">\n\t\t\t\t\t<div class=\"elementor-column elementor-col-100 elementor-top-column elementor-element elementor-element-511014ef\" data-id=\"511014ef\" data-element_type=\"column\" data-e-type=\"column\">\n\t\t\t<div class=\"elementor-widget-wrap elementor-element-populated\">\n\t\t\t\t\t\t<div class=\"elementor-element elementor-element-17115b5 elementor-widget elementor-widget-heading\" data-id=\"17115b5\" data-element_type=\"widget\" data-e-type=\"widget\" data-widget_type=\"heading.default\">\n\t\t\t\t\t<h3 class=\"elementor-heading-title elementor-size-default\">Una edici\u00f3 m\u00e9s TDI ha estat present a ENOMAQ de Saragossa.<\/h3>\t\t\t\t<\/div>\n\t\t\t\t<div class=\"elementor-element elementor-element-71a4cb2f elementor-widget elementor-widget-text-editor\" data-id=\"71a4cb2f\" data-element_type=\"widget\" data-e-type=\"widget\" data-widget_type=\"text-editor.default\">\n\t\t\t\t\t\t\t\t\t<p><img fetchpriority=\"high\" decoding=\"async\" class=\"aligncenter size-large wp-image-13789\" src=\"http:\/\/t-d-i.es\/wp-content\/uploads\/2025\/02\/autoridades-enomaq-2025-1024x910.webp\" alt=\"Les autoritats d'ENOMAQ 2025 saludant a Jordi Subirana, CEO de TDI.\" width=\"1024\" height=\"910\" srcset=\"https:\/\/t-d-i.es\/wp-content\/uploads\/2025\/02\/autoridades-enomaq-2025-1024x910.webp 1024w, https:\/\/t-d-i.es\/wp-content\/uploads\/2025\/02\/autoridades-enomaq-2025-300x267.webp 300w, https:\/\/t-d-i.es\/wp-content\/uploads\/2025\/02\/autoridades-enomaq-2025-768x683.webp 768w, https:\/\/t-d-i.es\/wp-content\/uploads\/2025\/02\/autoridades-enomaq-2025.webp 1080w\" sizes=\"(max-width: 1024px) 100vw, 1024px\" \/><\/p>\n<p>Les autoritats d&#8217;ENOMAQ 2025 v\u00e0ren visitar l&#8217;estand de TDI i van poder conversar amb Jordi Subirana, CEO de l&#8217;empresa. A la imatge se&#8217;ls veu intercanviant alguns detalls de les importants novetats presentades. <\/p>\n<p>Tamb\u00e9 hi va ser present Jordan Garcia, t\u00e8cnic en biologia molecular, presentant la plataforma OENOBIOTE i responent totes les preguntes dels visitants.<br \/>Amb ell els nostres t\u00e8cnics Andr\u00e9s, Jorge i Fernando.<\/p>\n<p><img decoding=\"async\" class=\"aligncenter size-full wp-image-13807\" src=\"http:\/\/t-d-i.es\/wp-content\/uploads\/2025\/02\/jordan-garcia-12-2-2025.webp\" alt=\"Jordan Garcia, t\u00e8cnic en biologia molecular d'OENOBIOTE\" width=\"960\" height=\"960\" srcset=\"https:\/\/t-d-i.es\/wp-content\/uploads\/2025\/02\/jordan-garcia-12-2-2025.webp 960w, https:\/\/t-d-i.es\/wp-content\/uploads\/2025\/02\/jordan-garcia-12-2-2025-300x300.webp 300w, https:\/\/t-d-i.es\/wp-content\/uploads\/2025\/02\/jordan-garcia-12-2-2025-150x150.webp 150w, https:\/\/t-d-i.es\/wp-content\/uploads\/2025\/02\/jordan-garcia-12-2-2025-768x768.webp 768w, https:\/\/t-d-i.es\/wp-content\/uploads\/2025\/02\/jordan-garcia-12-2-2025-500x500.webp 500w\" sizes=\"(max-width: 960px) 100vw, 960px\" \/><\/p>\n<p>Segons ens ha confirmat Fira de Saragossa, ENOMAQ 2025 ha tancat la seva 24a edici\u00f3 destacant la qualitat del visitant professional i amb un balan\u00e7 molt positiu.<br \/>M\u00e9s de 28.000 persones han recorregut els 5 pavellons.<br \/>ENOMAQ s&#8217;ha convertit a l&#8217;epicentre del sector vitivin\u00edcola del sud d&#8217;Europa.<\/p>\n<p>Gr\u00e0cies a tots i totes per venir!<\/p>\n<p><img decoding=\"async\" class=\"aligncenter size-large wp-image-13792\" src=\"http:\/\/t-d-i.es\/wp-content\/uploads\/2025\/02\/ENOMAQ-13-2-2025-5-1024x683.webp\" alt=\"Reunions amb clients a ENOMAQ 2025\" width=\"1024\" height=\"683\" srcset=\"https:\/\/t-d-i.es\/wp-content\/uploads\/2025\/02\/ENOMAQ-13-2-2025-5-1024x683.webp 1024w, https:\/\/t-d-i.es\/wp-content\/uploads\/2025\/02\/ENOMAQ-13-2-2025-5-300x200.webp 300w, https:\/\/t-d-i.es\/wp-content\/uploads\/2025\/02\/ENOMAQ-13-2-2025-5-768x512.webp 768w, https:\/\/t-d-i.es\/wp-content\/uploads\/2025\/02\/ENOMAQ-13-2-2025-5.webp 1440w\" sizes=\"(max-width: 1024px) 100vw, 1024px\" \/><\/p>\n<p>Som l&#8217;ENOLUCI\u00d3.<br \/>TDI, junts des de 1986.<\/p>\n\t\t\t\t\t\t\t\t<\/div>\n\t\t\t\t\t<\/div>\n\t\t<\/div>\n\t\t\t\t\t<\/div>\n\t\t<\/section>\n\t\t\t\t<\/div>\n\t\t","protected":false},"excerpt":{"rendered":"<p>Una edici\u00f3 m\u00e9s TDI ha estat present a ENOMAQ de Saragossa. Les autoritats d&#8217;ENOMAQ 2025 v\u00e0ren visitar l&#8217;estand de TDI i van poder conversar amb Jordi Subirana, CEO de l&#8217;empresa. A la imatge se&#8217;ls veu intercanviant alguns detalls de les importants novetats presentades. Tamb\u00e9 hi va ser present Jordan Garcia, t\u00e8cnic en biologia molecular, presentant [&hellip;]<\/p>\n","protected":false},"author":1,"featured_media":13799,"comment_status":"closed","ping_status":"closed","sticky":false,"template":"","format":"standard","meta":{"_acf_changed":false,"footnotes":""},"categories":[225],"tags":[172],"class_list":["post-13819","post","type-post","status-publish","format-standard","has-post-thumbnail","hentry","category-noticies-2025","tag-enomaq-ca-2"],"acf":[],"_links":{"self":[{"href":"https:\/\/t-d-i.es\/ca\/wp-json\/wp\/v2\/posts\/13819","targetHints":{"allow":["GET"]}}],"collection":[{"href":"https:\/\/t-d-i.es\/ca\/wp-json\/wp\/v2\/posts"}],"about":[{"href":"https:\/\/t-d-i.es\/ca\/wp-json\/wp\/v2\/types\/post"}],"author":[{"embeddable":true,"href":"https:\/\/t-d-i.es\/ca\/wp-json\/wp\/v2\/users\/1"}],"replies":[{"embeddable":true,"href":"https:\/\/t-d-i.es\/ca\/wp-json\/wp\/v2\/comments?post=13819"}],"version-history":[{"count":4,"href":"https:\/\/t-d-i.es\/ca\/wp-json\/wp\/v2\/posts\/13819\/revisions"}],"predecessor-version":[{"id":14016,"href":"https:\/\/t-d-i.es\/ca\/wp-json\/wp\/v2\/posts\/13819\/revisions\/14016"}],"wp:featuredmedia":[{"embeddable":true,"href":"https:\/\/t-d-i.es\/ca\/wp-json\/wp\/v2\/media\/13799"}],"wp:attachment":[{"href":"https:\/\/t-d-i.es\/ca\/wp-json\/wp\/v2\/media?parent=13819"}],"wp:term":[{"taxonomy":"category","embeddable":true,"href":"https:\/\/t-d-i.es\/ca\/wp-json\/wp\/v2\/categories?post=13819"},{"taxonomy":"post_tag","embeddable":true,"href":"https:\/\/t-d-i.es\/ca\/wp-json\/wp\/v2\/tags?post=13819"}],"curies":[{"name":"wp","href":"https:\/\/api.w.org\/{rel}","templated":true}]}}