{"id":14666,"date":"2026-02-13T15:47:21","date_gmt":"2026-02-13T15:47:21","guid":{"rendered":"https:\/\/t-d-i.es\/sieb-2026\/"},"modified":"2026-02-13T15:47:23","modified_gmt":"2026-02-13T15:47:23","slug":"sieb-2026","status":"publish","type":"post","link":"https:\/\/t-d-i.es\/ca\/sieb-2026\/","title":{"rendered":"SIEB 2026"},"content":{"rendered":"\t\t<div data-elementor-type=\"wp-post\" data-elementor-id=\"14666\" class=\"elementor elementor-14666 elementor-14636\">\n\t\t\t\t\t\t<section class=\"elementor-section elementor-top-section elementor-element elementor-element-1d1462c elementor-section-boxed elementor-section-height-default elementor-section-height-default\" data-id=\"1d1462c\" data-element_type=\"section\" data-e-type=\"section\" data-settings=\"{&quot;jet_parallax_layout_list&quot;:[{&quot;jet_parallax_layout_image&quot;:{&quot;url&quot;:&quot;&quot;,&quot;id&quot;:&quot;&quot;,&quot;size&quot;:&quot;&quot;},&quot;_id&quot;:&quot;fb796c9&quot;,&quot;jet_parallax_layout_image_tablet&quot;:{&quot;url&quot;:&quot;&quot;,&quot;id&quot;:&quot;&quot;,&quot;size&quot;:&quot;&quot;},&quot;jet_parallax_layout_image_mobile&quot;:{&quot;url&quot;:&quot;&quot;,&quot;id&quot;:&quot;&quot;,&quot;size&quot;:&quot;&quot;},&quot;jet_parallax_layout_speed&quot;:{&quot;unit&quot;:&quot;%&quot;,&quot;size&quot;:50,&quot;sizes&quot;:[]},&quot;jet_parallax_layout_type&quot;:&quot;scroll&quot;,&quot;jet_parallax_layout_direction&quot;:&quot;1&quot;,&quot;jet_parallax_layout_fx_direction&quot;:null,&quot;jet_parallax_layout_z_index&quot;:&quot;&quot;,&quot;jet_parallax_layout_bg_x&quot;:50,&quot;jet_parallax_layout_bg_x_tablet&quot;:&quot;&quot;,&quot;jet_parallax_layout_bg_x_mobile&quot;:&quot;&quot;,&quot;jet_parallax_layout_bg_y&quot;:50,&quot;jet_parallax_layout_bg_y_tablet&quot;:&quot;&quot;,&quot;jet_parallax_layout_bg_y_mobile&quot;:&quot;&quot;,&quot;jet_parallax_layout_bg_size&quot;:&quot;auto&quot;,&quot;jet_parallax_layout_bg_size_tablet&quot;:&quot;&quot;,&quot;jet_parallax_layout_bg_size_mobile&quot;:&quot;&quot;,&quot;jet_parallax_layout_animation_prop&quot;:&quot;transform&quot;,&quot;jet_parallax_layout_on&quot;:[&quot;desktop&quot;,&quot;tablet&quot;]}]}\">\n\t\t\t\t\t\t<div class=\"elementor-container elementor-column-gap-default\">\n\t\t\t\t\t<div class=\"elementor-column elementor-col-100 elementor-top-column elementor-element elementor-element-c5b934b\" data-id=\"c5b934b\" data-element_type=\"column\" data-e-type=\"column\">\n\t\t\t<div class=\"elementor-widget-wrap elementor-element-populated\">\n\t\t\t\t\t\t<div class=\"elementor-element elementor-element-65817d9 elementor-widget elementor-widget-heading\" data-id=\"65817d9\" data-element_type=\"widget\" data-e-type=\"widget\" data-widget_type=\"heading.default\">\n\t\t\t\t\t<h3 class=\"elementor-heading-title elementor-size-default\">TDI a la Fira SIEB 2026: Innovaci\u00f3 i proximitat a Valladolid<\/h3>\t\t\t\t<\/div>\n\t\t\t\t<div class=\"elementor-element elementor-element-d9d9435 elementor-widget elementor-widget-text-editor\" data-id=\"d9d9435\" data-element_type=\"widget\" data-e-type=\"widget\" data-widget_type=\"text-editor.default\">\n\t\t\t\t\t\t\t\t\t<p><img fetchpriority=\"high\" decoding=\"async\" class=\"aligncenter wp-image-14640 size-large\" src=\"https:\/\/t-d-i.es\/wp-content\/uploads\/2026\/02\/sieb-28-1-2026-tdi-1024x768.jpg\" alt=\"Estand de TDI a SIEB 2026\" width=\"1024\" height=\"768\" srcset=\"https:\/\/t-d-i.es\/wp-content\/uploads\/2026\/02\/sieb-28-1-2026-tdi-1024x768.jpg 1024w, https:\/\/t-d-i.es\/wp-content\/uploads\/2026\/02\/sieb-28-1-2026-tdi-300x225.jpg 300w, https:\/\/t-d-i.es\/wp-content\/uploads\/2026\/02\/sieb-28-1-2026-tdi-768x576.jpg 768w, https:\/\/t-d-i.es\/wp-content\/uploads\/2026\/02\/sieb-28-1-2026-tdi-1536x1152.jpg 1536w, https:\/\/t-d-i.es\/wp-content\/uploads\/2026\/02\/sieb-28-1-2026-tdi-2048x1536.jpg 2048w\" sizes=\"(max-width: 1024px) 100vw, 1024px\" \/><\/p><p><span style=\"font-size: 18px; font-weight: bold;\">Un punt de trobada per al sector<\/span><\/p><p>Aquest mes de gener, l&#8217;equip de <b data-path-to-node=\"3\" data-index-in-node=\"37\">Tecnologia Difusi\u00f3 Ib\u00e8rica<\/b> s&#8217;ha despla\u00e7at a Valladolid per participar en una nova edici\u00f3 de la <b data-path-to-node=\"3\" data-index-in-node=\"139\">Fira SIEB<\/b>, <b data-path-to-node=\"3\" data-index-in-node=\"165\">27 al 29 de gener<\/b>. Les sensacions recollides durant aquests tres dies han estat excel\u00b7lents i podem dir amb satisfacci\u00f3 que la nostra participaci\u00f3 ha estat un <b data-path-to-node=\"3\" data-index-in-node=\"334\">\u00e8xit de p\u00fablic<\/b> . <\/p><p data-path-to-node=\"5\">El nostre estand es va convertir en un formiguer d&#8217;activitat des de l&#8217;obertura de portes. Va ser un plaer rebre tants clients de tota la vida, aix\u00ed com nous professionals interessats a optimitzar els seus processos d&#8217;an\u00e0lisi enol\u00f2gica. <\/p><p data-path-to-node=\"6\">La Fira SIEB es consolida com un escenari clau i per a <strong>TDI<\/strong> ha estat la plataforma perfecta per demostrar per qu\u00e8 seguim sent <b data-path-to-node=\"6\" data-index-in-node=\"133\">referents en el control de qualitat vin\u00edcola<\/b> .<\/p><p><span style=\"font-size: 18px; line-height: 24px; font-weight: bold; text-transform: none;\">Mirant el futur<\/span><\/p><p><img decoding=\"async\" class=\"aligncenter wp-image-14643 size-large\" src=\"https:\/\/t-d-i.es\/wp-content\/uploads\/2026\/02\/stand-3-tdi-sieb-2026-29-1-2026-1024x768.jpg\" alt=\"Estand de TDI a SIEB 2026\" width=\"1024\" height=\"768\" srcset=\"https:\/\/t-d-i.es\/wp-content\/uploads\/2026\/02\/stand-3-tdi-sieb-2026-29-1-2026-1024x768.jpg 1024w, https:\/\/t-d-i.es\/wp-content\/uploads\/2026\/02\/stand-3-tdi-sieb-2026-29-1-2026-300x225.jpg 300w, https:\/\/t-d-i.es\/wp-content\/uploads\/2026\/02\/stand-3-tdi-sieb-2026-29-1-2026-768x576.jpg 768w, https:\/\/t-d-i.es\/wp-content\/uploads\/2026\/02\/stand-3-tdi-sieb-2026-29-1-2026-1536x1152.jpg 1536w, https:\/\/t-d-i.es\/wp-content\/uploads\/2026\/02\/stand-3-tdi-sieb-2026-29-1-2026-2048x1536.jpg 2048w\" sizes=\"(max-width: 1024px) 100vw, 1024px\" \/><\/p><p data-path-to-node=\"12\">Volem agrair a cadascuna de les persones que es van acostar a saludar-nos ia con\u00e8ixer les nostres propostes. L&#8217;entusiasme mostrat \u00e9s el motor que ens impulsa a continuar oferint el millor servei t\u00e8cnic i els equips m\u00e9s avan\u00e7ats del mercat. <\/p><p data-path-to-node=\"13\">En cas de no haver pogut assistir o tenir ganes d&#8217;aprofundir en alguna de les nostres solucions, el nostre equip comercial est\u00e0 a la vostra disposici\u00f3 per realitzar assessoraments personalitzats.<\/p><p><span style=\"font-size: 18px; line-height: 24px; font-weight: bold; text-transform: none;\">M\u00e9s de 35 anys d&#8217;experi\u00e8ncia enol\u00f2gica ens avalen, no ho dubteu i sumeu-vos a l&#8217;enoluci\u00f3!<\/span><\/p>\t\t\t\t\t\t\t\t<\/div>\n\t\t\t\t\t<\/div>\n\t\t<\/div>\n\t\t\t\t\t<\/div>\n\t\t<\/section>\n\t\t\t\t<\/div>\n\t\t","protected":false},"excerpt":{"rendered":"<p>TDI a la Fira SIEB 2026: Innovaci\u00f3 i proximitat a Valladolid Un punt de trobada per al sector Aquest mes de gener, l&#8217;equip de Tecnologia Difusi\u00f3 Ib\u00e8rica s&#8217;ha despla\u00e7at a Valladolid per participar en una nova edici\u00f3 de la Fira SIEB, 27 al 29 de gener. Les sensacions recollides durant aquests tres dies han estat [&hellip;]<\/p>\n","protected":false},"author":1,"featured_media":14650,"comment_status":"closed","ping_status":"closed","sticky":false,"template":"","format":"standard","meta":{"_acf_changed":false,"footnotes":""},"categories":[233],"tags":[219],"class_list":["post-14666","post","type-post","status-publish","format-standard","has-post-thumbnail","hentry","category-noticies-2026","tag-sieb-ca"],"acf":[],"_links":{"self":[{"href":"https:\/\/t-d-i.es\/ca\/wp-json\/wp\/v2\/posts\/14666","targetHints":{"allow":["GET"]}}],"collection":[{"href":"https:\/\/t-d-i.es\/ca\/wp-json\/wp\/v2\/posts"}],"about":[{"href":"https:\/\/t-d-i.es\/ca\/wp-json\/wp\/v2\/types\/post"}],"author":[{"embeddable":true,"href":"https:\/\/t-d-i.es\/ca\/wp-json\/wp\/v2\/users\/1"}],"replies":[{"embeddable":true,"href":"https:\/\/t-d-i.es\/ca\/wp-json\/wp\/v2\/comments?post=14666"}],"version-history":[{"count":1,"href":"https:\/\/t-d-i.es\/ca\/wp-json\/wp\/v2\/posts\/14666\/revisions"}],"predecessor-version":[{"id":14667,"href":"https:\/\/t-d-i.es\/ca\/wp-json\/wp\/v2\/posts\/14666\/revisions\/14667"}],"wp:featuredmedia":[{"embeddable":true,"href":"https:\/\/t-d-i.es\/ca\/wp-json\/wp\/v2\/media\/14650"}],"wp:attachment":[{"href":"https:\/\/t-d-i.es\/ca\/wp-json\/wp\/v2\/media?parent=14666"}],"wp:term":[{"taxonomy":"category","embeddable":true,"href":"https:\/\/t-d-i.es\/ca\/wp-json\/wp\/v2\/categories?post=14666"},{"taxonomy":"post_tag","embeddable":true,"href":"https:\/\/t-d-i.es\/ca\/wp-json\/wp\/v2\/tags?post=14666"}],"curies":[{"name":"wp","href":"https:\/\/api.w.org\/{rel}","templated":true}]}}