{"id":10180,"date":"2021-12-03T10:38:27","date_gmt":"2021-12-03T10:38:27","guid":{"rendered":"https:\/\/t-d-i.es\/technical-training-sessions-in-valdepenas-and-campo-de-criptana\/"},"modified":"2021-12-13T10:48:20","modified_gmt":"2021-12-13T10:48:20","slug":"technical-training-sessions-in-valdepenas-and-campo-de-criptana","status":"publish","type":"post","link":"https:\/\/t-d-i.es\/en\/technical-training-sessions-in-valdepenas-and-campo-de-criptana\/","title":{"rendered":"Technical training sessions in Valdepe\u00f1as and Campo de Criptana"},"content":{"rendered":"\t\t<div data-elementor-type=\"wp-post\" data-elementor-id=\"10180\" class=\"elementor elementor-10180 elementor-7280\">\n\t\t\t\t\t\t<section class=\"elementor-section elementor-top-section elementor-element elementor-element-1e7cb405 elementor-section-boxed elementor-section-height-default elementor-section-height-default\" data-id=\"1e7cb405\" data-element_type=\"section\" data-e-type=\"section\" data-settings=\"{&quot;jet_parallax_layout_list&quot;:[{&quot;jet_parallax_layout_image&quot;:{&quot;url&quot;:&quot;&quot;,&quot;id&quot;:&quot;&quot;,&quot;size&quot;:&quot;&quot;},&quot;_id&quot;:&quot;60cced7&quot;,&quot;jet_parallax_layout_image_tablet&quot;:{&quot;url&quot;:&quot;&quot;,&quot;id&quot;:&quot;&quot;,&quot;size&quot;:&quot;&quot;},&quot;jet_parallax_layout_image_mobile&quot;:{&quot;url&quot;:&quot;&quot;,&quot;id&quot;:&quot;&quot;,&quot;size&quot;:&quot;&quot;},&quot;jet_parallax_layout_speed&quot;:{&quot;unit&quot;:&quot;%&quot;,&quot;size&quot;:50,&quot;sizes&quot;:[]},&quot;jet_parallax_layout_type&quot;:&quot;scroll&quot;,&quot;jet_parallax_layout_direction&quot;:&quot;1&quot;,&quot;jet_parallax_layout_fx_direction&quot;:null,&quot;jet_parallax_layout_z_index&quot;:&quot;&quot;,&quot;jet_parallax_layout_bg_x&quot;:50,&quot;jet_parallax_layout_bg_x_tablet&quot;:&quot;&quot;,&quot;jet_parallax_layout_bg_x_mobile&quot;:&quot;&quot;,&quot;jet_parallax_layout_bg_y&quot;:50,&quot;jet_parallax_layout_bg_y_tablet&quot;:&quot;&quot;,&quot;jet_parallax_layout_bg_y_mobile&quot;:&quot;&quot;,&quot;jet_parallax_layout_bg_size&quot;:&quot;auto&quot;,&quot;jet_parallax_layout_bg_size_tablet&quot;:&quot;&quot;,&quot;jet_parallax_layout_bg_size_mobile&quot;:&quot;&quot;,&quot;jet_parallax_layout_animation_prop&quot;:&quot;transform&quot;,&quot;jet_parallax_layout_on&quot;:[&quot;desktop&quot;,&quot;tablet&quot;]}]}\">\n\t\t\t\t\t\t<div class=\"elementor-container elementor-column-gap-default\">\n\t\t\t\t\t<div class=\"elementor-column elementor-col-100 elementor-top-column elementor-element elementor-element-1d234987\" data-id=\"1d234987\" data-element_type=\"column\" data-e-type=\"column\">\n\t\t\t<div class=\"elementor-widget-wrap elementor-element-populated\">\n\t\t\t\t\t\t<div class=\"elementor-element elementor-element-064ba72 elementor-widget elementor-widget-heading\" data-id=\"064ba72\" data-element_type=\"widget\" data-e-type=\"widget\" data-widget_type=\"heading.default\">\n\t\t\t\t\t<h3 class=\"elementor-heading-title elementor-size-default\">Technical training sessions in Valdepe\u00f1as and Campo de Criptana<\/h3>\t\t\t\t<\/div>\n\t\t\t\t<div class=\"elementor-element elementor-element-146314ab elementor-widget elementor-widget-text-editor\" data-id=\"146314ab\" data-element_type=\"widget\" data-e-type=\"widget\" data-widget_type=\"text-editor.default\">\n\t\t\t\t\t\t\t\t\t<p><strong>Tecnolog\u00eda Difusi\u00f3n Ib\u00e9rica<\/strong> has collaborated, on February 18 and 19, in the Technical Training Days that have taken place at the IES Gregorio Prieto in Valdepe\u00f1as and at the EFA Molino de Viento in Campo de Criptana.<\/p>\n<p>In its more pedagogical aspect and always wanting to train good specialists in oenology, TDI has entered into agreements with these centers. These sessions are aimed at current students, former students, as well as wineries in the area that may be interested in attending.<\/p>\n<p>The act began with an explanation of the history of the company, closely linked to the evolution of analytical techniques that have allowed the development of the sector to this day. The company&#8217;s full range of products was reviewed, ranging from FTIR analyzers to small titrators, explaining advantages, disadvantages, uses, etc.<br \/>\n<img fetchpriority=\"high\" decoding=\"async\" class=\"alignleft size-large wp-image-7282\" style=\"padding: 20px 0px 20px 0px;\" src=\"http:\/\/t-d-i.es\/wp-content\/uploads\/2021\/11\/foto-exposicion-valdepenas-campo-criptana-1024x768-1.jpg\" alt=\"photo-exhibition-valde alone-campo-criptana\" width=\"940\" height=\"705\"><br \/>\nLater the students were able to carry out practices with the teams, thus solving doubts and concerns.<\/p>\n<p>Wineries in the area were given the opportunity to come with their samples to be able to analyze them and check &#8220;in situ&#8221; the operation of the machines.<\/p>\n<p>From the company we want to thank both centers for the excellent organization and highlight the great welcome and interest on the part of all those attending the two Training Sessions. Participation has been a success and we believe that it is essential not to lose contact with educational centers and professionals in the sector in order to have an exchange of enriching technical experiences in both directions.<\/p>\n<p><img decoding=\"async\" class=\"alignleft size-large wp-image-7281\" style=\"padding-top: 20px;\" src=\"http:\/\/t-d-i.es\/wp-content\/uploads\/2021\/11\/foto-charla-valdepenas-campo-criptana-1024x768-1.jpg\" alt=\"photo-talk-valdepenas-campo-criptana\" width=\"940\" height=\"705\"><\/p>\n\t\t\t\t\t\t\t\t<\/div>\n\t\t\t\t\t<\/div>\n\t\t<\/div>\n\t\t\t\t\t<\/div>\n\t\t<\/section>\n\t\t\t\t<\/div>\n\t\t","protected":false},"excerpt":{"rendered":"<p>Technical training sessions in Valdepe\u00f1as and Campo de Criptana Tecnolog\u00eda Difusi\u00f3n Ib\u00e9rica has collaborated, on February 18 and 19, in the Technical Training Days that have taken place at the IES Gregorio Prieto in Valdepe\u00f1as and at the EFA Molino de Viento in Campo de Criptana. In its more pedagogical aspect and always wanting to [&hellip;]<\/p>\n","protected":false},"author":433,"featured_media":8805,"comment_status":"closed","ping_status":"closed","sticky":false,"template":"","format":"standard","meta":{"_acf_changed":false,"footnotes":""},"categories":[192],"tags":[190],"class_list":["post-10180","post","type-post","status-publish","format-standard","has-post-thumbnail","hentry","category-noticies-2020","tag-jornada-tecnica-ca-2"],"acf":[],"_links":{"self":[{"href":"https:\/\/t-d-i.es\/en\/wp-json\/wp\/v2\/posts\/10180","targetHints":{"allow":["GET"]}}],"collection":[{"href":"https:\/\/t-d-i.es\/en\/wp-json\/wp\/v2\/posts"}],"about":[{"href":"https:\/\/t-d-i.es\/en\/wp-json\/wp\/v2\/types\/post"}],"author":[{"embeddable":true,"href":"https:\/\/t-d-i.es\/en\/wp-json\/wp\/v2\/users\/433"}],"replies":[{"embeddable":true,"href":"https:\/\/t-d-i.es\/en\/wp-json\/wp\/v2\/comments?post=10180"}],"version-history":[{"count":5,"href":"https:\/\/t-d-i.es\/en\/wp-json\/wp\/v2\/posts\/10180\/revisions"}],"predecessor-version":[{"id":10320,"href":"https:\/\/t-d-i.es\/en\/wp-json\/wp\/v2\/posts\/10180\/revisions\/10320"}],"wp:featuredmedia":[{"embeddable":true,"href":"https:\/\/t-d-i.es\/en\/wp-json\/wp\/v2\/media\/8805"}],"wp:attachment":[{"href":"https:\/\/t-d-i.es\/en\/wp-json\/wp\/v2\/media?parent=10180"}],"wp:term":[{"taxonomy":"category","embeddable":true,"href":"https:\/\/t-d-i.es\/en\/wp-json\/wp\/v2\/categories?post=10180"},{"taxonomy":"post_tag","embeddable":true,"href":"https:\/\/t-d-i.es\/en\/wp-json\/wp\/v2\/tags?post=10180"}],"curies":[{"name":"wp","href":"https:\/\/api.w.org\/{rel}","templated":true}]}}